{"id":2612,"date":"2025-01-29T11:57:20","date_gmt":"2025-01-29T10:57:20","guid":{"rendered":"https:\/\/kmz-wesermarsch.de\/?p=2612"},"modified":"2025-01-29T12:16:44","modified_gmt":"2025-01-29T11:16:44","slug":"digitale-schulstunde-zum-safer-internet-day-keine-likes-fuer-luegen","status":"publish","type":"post","link":"https:\/\/kmz-wesermarsch.de\/index.php\/2025\/01\/29\/digitale-schulstunde-zum-safer-internet-day-keine-likes-fuer-luegen\/","title":{"rendered":"Digitale Schulstunde zum Safer Internet Day: \u201eKeine Likes f\u00fcr L\u00fcgen!\u201c"},"content":{"rendered":"\n<p>Am 11. Februar 2025 ist es wieder soweit: Der <strong><a href=\"https:\/\/www.klicksafe.de\/sid25\" data-type=\"link\" data-id=\"https:\/\/www.klicksafe.de\/sid25\" target=\"_blank\" rel=\"noreferrer noopener\">Safer Internet Day (SID)<\/a><\/strong> setzt ein Zeichen f\u00fcr mehr Sicherheit im Netz! Bundesweit engagieren sich Schulen, Vereine und Institutionen, um ein st\u00e4rkeres Bewusstsein f\u00fcr digitale Gefahren zu schaffen. In Deutschland koordiniert die EU-Initiative <strong><a href=\"https:\/\/www.klicksafe.de\/\" data-type=\"link\" data-id=\"https:\/\/www.klicksafe.de\/\" target=\"_blank\" rel=\"noreferrer noopener\">klicksafe<\/a><\/strong> den Aktionstag und l\u00e4dt Sch\u00fclerinnen und Sch\u00fcler der <strong>Klassen 8 bis 10<\/strong> zu einer spannenden <a href=\"https:\/\/www.klicksafe.de\/termine\/digitale-schulstunde-keine-likes-fuer-luegen-erkenne-extremismus-populismus-und-deepfakes-im-netz\" data-type=\"link\" data-id=\"https:\/\/www.klicksafe.de\/termine\/digitale-schulstunde-keine-likes-fuer-luegen-erkenne-extremismus-populismus-und-deepfakes-im-netz\" target=\"_blank\" rel=\"noreferrer noopener\"><strong>digitalen Schulstunde<\/strong> <\/a>ein.<\/p>\n\n\n\n<p>Unter dem Motto <strong>\u201eKeine Likes f\u00fcr L\u00fcgen! Erkenne Extremismus, Populismus und Deepfakes im Netz\u201c<\/strong> lernen Jugendliche in <strong>90 interaktiven Minuten<\/strong>, wie sie manipulative Inhalte in sozialen Medien erkennen und sich aktiv dagegen wappnen k\u00f6nnen.<\/p>\n\n\n\n<h3 class=\"wp-block-heading\"><strong>Was erwartet die Teilnehmenden?<\/strong><\/h3>\n\n\n\n<p>Die Veranstaltung bietet eine praxisnahe und aktivierende Auseinandersetzung mit der Verbreitung extremistischer und antidemokratischer Inhalte im Netz. Medienp\u00e4dagogische und jugendschutzrechtliche Expertinnen und Experten vermitteln <strong>Basiswissen und Hintergr\u00fcnde<\/strong>, w\u00e4hrend aktuelle Beispiele zum Nachdenken anregen.<\/p>\n\n\n\n<p>Besonders interaktiv wird die digitale Schulstunde durch:<br>\u2705 <strong>Live-Umfragen<\/strong> zur Meinungsbildung<br>\u2705 <strong>Moderierte Chats<\/strong> und die M\u00f6glichkeit, im Voraus Fragen einzureichen<br>\u2705 <strong>Gruppenarbeitsphasen<\/strong>, in denen die Jugendlichen selbst Strategien f\u00fcr einen sicheren Umgang mit Online-Informationen entwickeln<\/p>\n\n\n\n<p>So entsteht ein abwechslungsreiches Lernformat, das nicht nur Wissen vermittelt, sondern auch die Handlungskompetenz der Teilnehmenden st\u00e4rkt.<\/p>\n\n\n\n<h3 class=\"wp-block-heading\"><strong>Jetzt mit der Klasse dabei sein!<\/strong><\/h3>\n\n\n\n<p>Die digitale Schulstunde ist ein Projekt des <strong><a href=\"https:\/\/www.klicksafe.de\/vernetzung#c53200\" data-type=\"link\" data-id=\"https:\/\/www.klicksafe.de\/vernetzung#c53200\" target=\"_blank\" rel=\"noreferrer noopener\">deutschen Safer Internet Centers<\/a><\/strong> und bietet Schulen eine wertvolle Gelegenheit, junge Menschen f\u00fcr die Gefahren von Desinformation und Extremismus im Netz zu sensibilisieren.<\/p>\n\n\n\n<p>\ud83d\udca1 <strong><a href=\"https:\/\/www.klicksafe.de\/termine\/digitale-schulstunde-keine-likes-fuer-luegen-erkenne-extremismus-populismus-und-deepfakes-im-netz\" data-type=\"link\" data-id=\"https:\/\/www.klicksafe.de\/termine\/digitale-schulstunde-keine-likes-fuer-luegen-erkenne-extremismus-populismus-und-deepfakes-im-netz\" target=\"_blank\" rel=\"noreferrer noopener\">Jetzt anmelden und mit der Klasse teilnehmen!<\/a><\/strong> Weitere Informationen zur Anmeldung gibt es direkt bei <a href=\"https:\/\/www.klicksafe.de\/sid25\/veranstaltungen\/digitale-schulstunde-zum-safer-internet-day-keine-likes-fuer-luegen\" data-type=\"link\" data-id=\"https:\/\/www.klicksafe.de\/sid25\/veranstaltungen\/digitale-schulstunde-zum-safer-internet-day-keine-likes-fuer-luegen\" target=\"_blank\" rel=\"noreferrer noopener\">klicksafe.<\/a><\/p>\n\n\n\n<p><a href=\"https:\/\/www.yaez.com\/schoolrm\/anmeldung-digitale-schulstunde-safer-internet-day-2025\/\" data-type=\"link\" data-id=\"https:\/\/www.yaez.com\/schoolrm\/anmeldung-digitale-schulstunde-safer-internet-day-2025\/\" target=\"_blank\" rel=\"noreferrer noopener\">Hier geht es direkt zum Anmeldeformular.<\/a><\/p>\n\n\n\n<p><\/p>\n","protected":false},"excerpt":{"rendered":"<p>Am 11. Februar 2025 ist es wieder soweit: Der Safer Internet Day (SID) setzt ein Zeichen f\u00fcr mehr Sicherheit im Netz! Bundesweit engagieren sich Schulen, Vereine und Institutionen, um ein st\u00e4rkeres Bewusstsein f\u00fcr digitale Gefahren zu schaffen. In Deutschland koordiniert die EU-Initiative klicksafe den Aktionstag und l\u00e4dt Sch\u00fclerinnen und Sch\u00fcler der Klassen 8 bis 10 &hellip; <a href=\"https:\/\/kmz-wesermarsch.de\/index.php\/2025\/01\/29\/digitale-schulstunde-zum-safer-internet-day-keine-likes-fuer-luegen\/\" class=\"more-link\">Weiterlesen <span class=\"screen-reader-text\">Digitale Schulstunde zum Safer Internet Day: \u201eKeine Likes f\u00fcr L\u00fcgen!\u201c<\/span><\/a><\/p>\n","protected":false},"author":2,"featured_media":0,"comment_status":"closed","ping_status":"closed","sticky":false,"template":"","format":"standard","meta":{"footnotes":""},"categories":[1],"tags":[62,103,49,8,104,79,11,48],"class_list":["post-2612","post","type-post","status-publish","format-standard","hentry","category-allgemein","tag-safer-internet-day","tag-digitale-schulstunde","tag-fortbildung","tag-ipad","tag-klicksafe","tag-medienbildung","tag-mobiles-lernen","tag-online-lernen","without-featured-image"],"_links":{"self":[{"href":"https:\/\/kmz-wesermarsch.de\/index.php\/wp-json\/wp\/v2\/posts\/2612","targetHints":{"allow":["GET"]}}],"collection":[{"href":"https:\/\/kmz-wesermarsch.de\/index.php\/wp-json\/wp\/v2\/posts"}],"about":[{"href":"https:\/\/kmz-wesermarsch.de\/index.php\/wp-json\/wp\/v2\/types\/post"}],"author":[{"embeddable":true,"href":"https:\/\/kmz-wesermarsch.de\/index.php\/wp-json\/wp\/v2\/users\/2"}],"replies":[{"embeddable":true,"href":"https:\/\/kmz-wesermarsch.de\/index.php\/wp-json\/wp\/v2\/comments?post=2612"}],"version-history":[{"count":3,"href":"https:\/\/kmz-wesermarsch.de\/index.php\/wp-json\/wp\/v2\/posts\/2612\/revisions"}],"predecessor-version":[{"id":2616,"href":"https:\/\/kmz-wesermarsch.de\/index.php\/wp-json\/wp\/v2\/posts\/2612\/revisions\/2616"}],"wp:attachment":[{"href":"https:\/\/kmz-wesermarsch.de\/index.php\/wp-json\/wp\/v2\/media?parent=2612"}],"wp:term":[{"taxonomy":"category","embeddable":true,"href":"https:\/\/kmz-wesermarsch.de\/index.php\/wp-json\/wp\/v2\/categories?post=2612"},{"taxonomy":"post_tag","embeddable":true,"href":"https:\/\/kmz-wesermarsch.de\/index.php\/wp-json\/wp\/v2\/tags?post=2612"}],"curies":[{"name":"wp","href":"https:\/\/api.w.org\/{rel}","templated":true}]}}